{"id":745,"date":"2016-03-28T15:34:10","date_gmt":"2016-03-28T14:34:10","guid":{"rendered":"http:\/\/www.lanuitdelune.fr\/?p=745"},"modified":"2016-03-28T15:34:10","modified_gmt":"2016-03-28T14:34:10","slug":"resultats-de-lexpo-dangers-2016","status":"publish","type":"post","link":"https:\/\/www.lanuitdelune.fr\/index.php\/2016\/03\/28\/resultats-de-lexpo-dangers-2016\/","title":{"rendered":"R\u00e9sultats de l'expo d'Angers 2016"},"content":{"rendered":"<div id=\"dslc-theme-content\"><div id=\"dslc-theme-content-inner\"><p>Pour cette expo internationale d'Angers 2016, Jaguar a fini 1er excellent en classe interm\u00e9diaire, c'est notre 1\u00e8re coupe ! Il est disponible pour saillie, sain APR et NF, identifi\u00e9 g\u00e9n\u00e9tiquement.<\/p>\n<p>Lyp a eu un bon et est maintenant confirm\u00e9 \ud83d\ude42 Il ne reste plus qu'\u00e0 envoy\u00e9 le petit ch\u00e8que de 25\u20ac \u00e0 la SCC pour recevoir son pedigree d\u00e9finitif. Il sera ensuite disponible pour saillie, sain APR et NF, identifi\u00e9 g\u00e9n\u00e9tiquement.<\/p>\n<p>Le juge \u00e9tait tr\u00e8s strict, mais il a bien remarqu\u00e9 que les deux toutous ont un tr\u00e8s bon caract\u00e8re et sont super sympa. Pour nous, c'est le principal car nous ne cherchons pas \u00e0 faire des chiens d\u2019expos, mais avant tout \u00e0 faire de bons et beaux chiens de compagnie. Il a tout de suite remarqu\u00e9 qu\u2019ils \u00e9taient tr\u00e8s sympas !<\/p>\n<p>Ils ont d\u2019ailleurs \u00e9t\u00e9 tr\u00e8s sage toute la journ\u00e9e, ni de pipis, ni de cacas \u00e0 l\u2019int\u00e9rieur !!<\/p>\n<p>Nous sommes tr\u00e8s content de nos toutous !<\/p>\n<div id=\"attachment_680\" style=\"width: 179px\" class=\"wp-caption alignleft\"><img loading=\"lazy\" decoding=\"async\" aria-describedby=\"caption-attachment-680\" class=\"size-medium wp-image-680\" src=\"http:\/\/www.lanuitdelune.fr\/wp-content\/uploads\/2016\/03\/20160327_130735_resized-169x300.jpg\" alt=\"Jaguar et Lyp \u00e0 l'expo d'Angers 2016\" width=\"169\" height=\"300\" \/><p id=\"caption-attachment-680\" class=\"wp-caption-text\">Jaguar et Lyp \u00e0 l'expo d'Angers 2016<\/p><\/div>\n<div id=\"attachment_697\" style=\"width: 179px\" class=\"wp-caption alignleft\"><img loading=\"lazy\" decoding=\"async\" aria-describedby=\"caption-attachment-697\" class=\"size-medium wp-image-697\" src=\"http:\/\/www.lanuitdelune.fr\/wp-content\/uploads\/2016\/03\/20160328_145104-169x300.jpg\" alt=\"Jaguar et sa 1\u00e8re coupe !\" width=\"169\" height=\"300\" \/><p id=\"caption-attachment-697\" class=\"wp-caption-text\">Jaguar et sa 1\u00e8re coupe !<\/p><\/div>\n<div id=\"attachment_695\" style=\"width: 179px\" class=\"wp-caption alignleft\"><img loading=\"lazy\" decoding=\"async\" aria-describedby=\"caption-attachment-695\" class=\"size-medium wp-image-695\" src=\"http:\/\/www.lanuitdelune.fr\/wp-content\/uploads\/2016\/03\/20160328_145154-169x300.jpg\" alt=\"Lyp apr\u00e8s l'expo d'Angers 2016\" width=\"169\" height=\"300\" \/><p id=\"caption-attachment-695\" class=\"wp-caption-text\">Lyp apr\u00e8s l'expo d'Angers 2016<\/p><\/div>\n<div id=\"attachment_718\" style=\"width: 179px\" class=\"wp-caption alignleft\"><img loading=\"lazy\" decoding=\"async\" aria-describedby=\"caption-attachment-718\" class=\"size-medium wp-image-718\" src=\"http:\/\/www.lanuitdelune.fr\/wp-content\/uploads\/2016\/03\/20160327_223517-Copie-169x300.jpg\" alt=\"Grosse fatigue apr\u00e8s l'expo d'Angers 2016\" width=\"169\" height=\"300\" \/><p id=\"caption-attachment-718\" class=\"wp-caption-text\">Grosse fatigue apr\u00e8s l'expo d'Angers 2016<\/p><\/div>\n<\/div><\/div>","protected":false},"excerpt":{"rendered":"<p>Pour cette expo internationale d'Angers 2016, Jaguar a fini 1er excellent en classe interm\u00e9diaire, c'est notre 1\u00e8re coupe ! Il est disponible pour saillie, sain APR et NF, identifi\u00e9 g\u00e9n\u00e9tiquement. Lyp a eu un bon et est maintenant confirm\u00e9 \ud83d\ude42 Il ne reste plus qu'\u00e0 envoy\u00e9 le petit ch\u00e8que de\u2026<\/p>\n<p class=\"continue-reading-button\"> <a class=\"continue-reading-link\" href=\"https:\/\/www.lanuitdelune.fr\/index.php\/2016\/03\/28\/resultats-de-lexpo-dangers-2016\/\">Continue reading<i class=\"crycon-right-dir\"><\/i><\/a><\/p>\n","protected":false},"author":2,"featured_media":697,"comment_status":"open","ping_status":"open","sticky":false,"template":"","format":"standard","meta":{"footnotes":""},"categories":[1],"tags":[],"class_list":["post-745","post","type-post","status-publish","format-standard","has-post-thumbnail","hentry","category-non-classe"],"_links":{"self":[{"href":"https:\/\/www.lanuitdelune.fr\/index.php\/wp-json\/wp\/v2\/posts\/745","targetHints":{"allow":["GET"]}}],"collection":[{"href":"https:\/\/www.lanuitdelune.fr\/index.php\/wp-json\/wp\/v2\/posts"}],"about":[{"href":"https:\/\/www.lanuitdelune.fr\/index.php\/wp-json\/wp\/v2\/types\/post"}],"author":[{"embeddable":true,"href":"https:\/\/www.lanuitdelune.fr\/index.php\/wp-json\/wp\/v2\/users\/2"}],"replies":[{"embeddable":true,"href":"https:\/\/www.lanuitdelune.fr\/index.php\/wp-json\/wp\/v2\/comments?post=745"}],"version-history":[{"count":1,"href":"https:\/\/www.lanuitdelune.fr\/index.php\/wp-json\/wp\/v2\/posts\/745\/revisions"}],"predecessor-version":[{"id":746,"href":"https:\/\/www.lanuitdelune.fr\/index.php\/wp-json\/wp\/v2\/posts\/745\/revisions\/746"}],"wp:featuredmedia":[{"embeddable":true,"href":"https:\/\/www.lanuitdelune.fr\/index.php\/wp-json\/wp\/v2\/media\/697"}],"wp:attachment":[{"href":"https:\/\/www.lanuitdelune.fr\/index.php\/wp-json\/wp\/v2\/media?parent=745"}],"wp:term":[{"taxonomy":"category","embeddable":true,"href":"https:\/\/www.lanuitdelune.fr\/index.php\/wp-json\/wp\/v2\/categories?post=745"},{"taxonomy":"post_tag","embeddable":true,"href":"https:\/\/www.lanuitdelune.fr\/index.php\/wp-json\/wp\/v2\/tags?post=745"}],"curies":[{"name":"wp","href":"https:\/\/api.w.org\/{rel}","templated":true}]}}